{"id":76275,"date":"2020-11-30T16:31:30","date_gmt":"2020-11-30T15:31:30","guid":{"rendered":"https:\/\/svetslik.si\/2020\/11\/30\/gustav-klimt-10-zanimivosti\/"},"modified":"2023-07-01T09:52:28","modified_gmt":"2023-07-01T07:52:28","slug":"gustav-klimt-10-zanimivosti","status":"publish","type":"post","link":"https:\/\/svetslik.si\/de\/gustav-klimt-10-zanimivosti\/","title":{"rendered":"Gustav Klimt"},"content":{"rendered":"\n<h2 class=\"wp-block-heading\"><a href=\"https:\/\/svetslik.si\/de\/gustav-klimt-de\/\" target=\"_blank\" rel=\"noreferrer noopener\">GUSTAV KLIMT<\/a> \u2013 10 interessante Fakten<\/h2><p>Gustav Klimt \u2013 geboren am 14. Juni 1862 \u2013 6. Februar 1918<\/p><p>Gr\u00fcnder der Malschule der Wiener Secession. Im Jahr 1883 er\u00f6ffnete er ein unabh\u00e4ngiges Atelier, das sich auf die Herstellung von Wandgem\u00e4lden spezialisierte.<\/p><h3 class=\"wp-block-heading\">1. Gustav Klimt \u2013 Notorischer Frauenheld<\/h3><p><strong><a href=\"https:\/\/svetslik.si\/de\/gustav-klimt-de\/\">Gustav Klimt <\/a><\/strong>war nie verheiratet. Er hatte viele Geliebte und war wahrscheinlich Vater von 14 Kindern. Er malte zahlreiche Portr\u00e4ts von Frauen, die sehr erotisch und sexuell sind. Um einen pers\u00f6nlichen Skandal zu vermeiden, hielt er alle seine Beziehungen und Angelegenheiten geheim. <strong><a href=\"https:\/\/svetslik.si\/de\/gustav-klimt-de\/\">Gustav Klimt<\/a><\/strong> sagte: \u201eIch interessiere mich f\u00fcr andere Menschen, insbesondere Frauen, als Thema meiner Arbeit.\u201c Malerei.&#8221; p&gt;<div class=\"wp-block-columns is-layout-flex wp-container-core-columns-is-layout-9d6595d7 wp-block-columns-is-layout-flex\"><div class=\"wp-block-column is-layout-flow wp-block-column-is-layout-flow\" style=\"flex-basis:100%\"><div class=\"wp-block-jetpack-tiled-gallery aligncenter is-style-rectangular\"><div class=\"tiled-gallery__gallery\"><div class=\"tiled-gallery__row\"><div class=\"tiled-gallery__col \" style=\"flex-basis:21.74108%\"><figure class=\"tiled-gallery__item\"><img decoding=\"async\" srcset=\"https:\/\/i2.wp.com\/svetslik.si\/wp-content\/uploads\/2022\/01\/Gustav-Klimt-%20in-Emilie-Floege.jpg?strip=info&#038;w=480&#038;ssl=1 480w\" alt=\"Gustav Klimt und Emilie Floege\" data-height=\"618\" data-id=\"13474\" data-url=\"https:\/\/svetslik.si\/wp-content\/uploads\/2022\/01\/ Gustav-Klimt-in-Emilie-Floege.jpg\" data-width=\"480\" src=\"https:\/\/i2.wp.com\/svetslik.si\/wp-content\/uploads\/2022\/01\/Gustav-Klimt- in-Emilie-Floege.jpg?ssl=1\" data-amp-layout=\"responsive\" \/><\/figure><\/div><div class=\"tiled-gallery__col\" style=\"flex-basis:17.63956%\"><figure class=\"tiled-gallery__item\"><img decoding=\"async\" srcset=\"https:\/\/i1.wp.com\/svetslik.si\/wp-content\/uploads\/2022\/01\/Gustav-Klimt-in-Emilie-Floege-.jpg%20?strip=info&#038;w=350&#038;ssl=1 350w\" alt=\"Gustav Klimt und Emilie Floege\" data-height=\"556\" data-id=\"13475\" data-link=\"https:\/\/svetslik.si\/gustav -klimt-2\/gustav-klimt-in-emilie-floege-2\/\" data-url=\"https:\/\/svetslik.si\/wp-content\/uploads\/2022\/01\/Gustav-Klimt-in-Emilie-Floege -.jpg\" data-width=\"350\" src=\"https:\/\/i1.wp.com\/svetslik.si\/wp-content\/uploads\/2022\/01\/Gustav-Klimt-in-Emilie-Floege-.jpg ?ssl=1\" data-amp-layout=\"responsive\" \/><\/figure><\/div><div class=\"tiled-gallery__col\" style=\"flex-basis:41.89447%\"><figure class=\"tiled -gallery__item\"><img decoding=\"async\" srcset=\"https:\/\/i2.wp.com\/svetslik.si\/wp-content\/uploads\/2022\/01\/Gustav-Klimt-in-njegove-muze-1910-1024x683.jpg%20?strip=info&#038;w=600&#038;ssl=1 600w,https:\/\/i2.wp.com\/svetslik.si\/wp-content\/uploads\/2022\/01\/Gustav-Klimt-in-njegove-muze-1910-1024x683.jpg%20?strip=info&#038;w=900&#038;ssl=1 900w,https:\/\/i2.wp.com\/svetslik.si\/wp-content\/uploads\/2022\/01\/Gustav-Klimt-in-njegove-muze-1910-1024x683.jpg%20?strip=info&#038;w=1200&#038;ssl=1 1200w\" alt=\"Gustav Klimt und seine Musen 1910\" data-height=\"800\" data-id=\"13476\" data-link=\"https:\/\/svetslik.si\/gustav-klimt-2\/gustav -klimt-in-njegove-muze-1910\/\" data-url=\"https:\/\/svetslik.si\/wp-content\/uploads\/2022\/01\/Gustav-Klimt-in-njegove-muze-1910-1024x683.jpg \" data-width=\"1200\" src=\"https:\/\/i2.wp.com\/svetslik.si\/wp-content\/uploads\/2022\/01\/Gustav-Klimt-in-njegove-muze-1910-1024x683.jpg ?ssl=1\" data-amp-layout=\"responsive\" \/><\/figure><\/div><div class=\"tiled-gallery__col\" style=\"flex-basis:18.72490%\"><figure class=\"tiled -gallery__item\"><img decoding=\"async\" srcset=\"https:\/\/%20i0.wp.com\/svetslik.si\/wp-content\/uploads\/2022\/01\/Gustav-Klimt-1887.jpg?strip=info&#038;w=500&#038;ssl=1 500w\" alt=\"Gustav Klimt 1887.jpg\" data-height=\"748\" data-id=\"13477\" data-link=\"https:\/\/svetslik.si\/gustav-klimt-2\/gustav- klimt-1887\/\" data-url=\"https:\/\/svetslik.si\/wp-content\/uploads\/2022\/01\/Gustav-Klimt-1887.jpg\" data-width=\"500\" src=\"https:\/\/ i0.wp.com\/svetslik.si\/wp-content\/uploads\/2022\/01\/Gustav-Klimt-1887.jpg?ssl=1\" data-amp-layout=\"responsive\" \/><\/figure><\/div><\/div><\/div><\/div><\/div><\/div><h3 class=\"wp-block-heading\">2. <a href=\"https:\/\/svetslik.si\/de\/gustav-klimt-de\/\">Gustav Klimt<\/a> \u2013 Maler ohne Selbstportr\u00e4t<\/h3><p>Fast alle K\u00fcnstler malen ihr Selbstportr\u00e4t, insbesondere wenn sie sich mit Figurenzeichnen und Malen besch\u00e4ftigen, wie <strong><a href=\"https:\/\/svetslik.si\/de\/gustav-klimt-de\/\">Gustav Klimt<\/strong> a&gt;.<\/strong> \u201eIch habe noch nie ein Selbstportr\u00e4t gemalt\u201c, sagte Gustav einmal, \u201eich interessiere mich nicht f\u00fcr mich selbst\u201c. Wenn jemand etwas \u00fcber ihn wissen wollte, sagte er ihm, er solle sich seine Bilder genau ansehen.<\/p><h3 class=\"wp-block-heading\">3. <a href=\"https:\/\/svetslik.si\/de\/gustav-klimt-de\/\">Gustav Klimt<\/a> \u2013 Das teuerste auf einer Auktion verkaufte Gem\u00e4lde<\/h3><p><strong>Gustav Klimt<\/strong> malte 1907 ein sehr elegantes, vom Realismus inspiriertes Bild \u201e<strong><a href=\"https:\/\/svetslik.si\/gustav-klimt\/portrait-of-adele-bloch -bauer-i\/\" target=\"_blank\" rel=\"noreferrer noopener\">Portr\u00e4t von Adele Bloch-Bauer I<\/a><\/strong>&#8221; &#8211; in einem langen flie\u00dfenden Kleid, goldenen Farben und Umgebung. Das Gem\u00e4lde wurde von ihrem Ehemann, einem Industriellen und Zuckerh\u00e4ndler und j\u00fcdischen Bankier, in Auftrag gegeben. Maria Altmann, eine von Bloch-Bauers Nichten, k\u00e4mpfte einen langen Rechtsstreit um das Gem\u00e4lde und erlangte 2006 den Besitz. Im selben Jahr versteigerte Maria das Gem\u00e4lde f\u00fcr 135 Millionen US-Dollar, der h\u00f6chste Preis, der jemals f\u00fcr ein Kunstwerk bei einer Auktion gezahlt wurde. Der K\u00e4ufer war der Erbe des Kosmetikimperiums <strong>Ronald S. Lauder<\/strong><\/p><figure class=\"wp-block-gallery has-nested-images columns-default is-cropped wp-block-gallery-1 is-layout-flex wp-block-gallery-is-layout-flex\"><figure class=\"wp-block-image size-large\"><a href=\"https:\/\/svetslik.si\/wp-content\/uploads\/2022\/01\/Maria-Altmann-in-portret-Adele-Bloch- Bauer-1024x1024.jpg\"><img decoding=\"async\" width=\"1024\" height=\"1024\" data-id=\"13478\" title=\"Maria Altmann und das Portr\u00e4t von Adele Bloch Bauer\" src=\"https:\/\/svetslik.si\/wp-content\/uploads\/2022\/01\/Maria-Altmann-in-portret-Adele-Bloch-Bauer-1024x1024.jpg\" alt=\"Maria Altmann und das Portr\u00e4t von Adele Bloch Bauer\" class=\"wp-image-13478\" srcset=\"https:\/\/svetslik.si\/wp-content\/uploads\/2022\/01\/Maria-Altmann-in-portret-Adele-Bloch-Bauer-1024x1024.jpg 1024w, https:\/\/svetslik.si\/wp-content\/uploads\/2022\/01\/Maria-Altmann-in-portret-Adele-Bloch-Bauer-600x600.jpg 600w, https:\/\/svetslik.si\/wp-content\/uploads\/2022\/01\/Maria-Altmann-in-portret-Adele-Bloch-Bauer-100x100.jpg 100w, https:\/\/svetslik.si\/wp-content\/uploads\/2022\/01\/Maria-Altmann-in-portret-Adele-Bloch-Bauer-300x300.jpg 300w, https:\/\/svetslik.si\/wp-content\/uploads\/2022\/01\/Maria-Altmann-in-portret-Adele-Bloch-Bauer-150x150.jpg 150w, https:\/\/svetslik.si\/wp-content\/uploads\/2022\/01\/Maria-Altmann-in-portret-Adele-Bloch-Bauer-768x768.jpg 768w, https:\/\/svetslik.si\/wp-content\/uploads\/2022\/01\/Maria-Altmann-in-portret-Adele-Bloch-Bauer-900x900.jpg 900w, https:\/\/svetslik.si\/wp-content\/uploads\/2022\/01\/Maria-Altmann-in-portret-Adele-Bloch-Bauer.jpg 1200w\" sizes=\"(max-width: 1024px) 100vw, 1024px\" \/><\/a><figcaption class=\"wp-element-caption\">Maria Altmann und Portr\u00e4t von Adele Bloch Bauer<\/figcaption><\/figure><figure class=\"wp-block-image size-large\"><a href=\"https:\/\/svetslik.si\/wp-content\/uploads\/2022\/01\/Ron-Lauder-in-Marie-Altman-z- sliko-Adele-Bloch-Bauer-scaled.jpg\"><img decoding=\"async\" data-id=\"13482\" src=\"https:\/\/svetslik.si\/wp-content\/uploads\/2022\/01\/Ron-Lauder-in-Marie-Altman-z-sliko- Adele-Bloch-Bauer-1024x702.jpg\" alt=\"Ron Lauder und Marie Altman mit einem Bild von Adele Bloch Bauer\" class=\"wp-image-13482\" \/><\/a><figcaption class=\"wp-element- Bildunterschrift\">Ron Lauder und Marie Altman mit Bild von Adele Bloch Bauer<\/figcaption><\/figure><figure class=\"wp-block-image size-large\"><a href=\"https:\/\/svetslik.si\/wp-content\/uploads\/2022\/01\/Adele-Bloch-Bauer-1907-scaled.jpg\"><img decoding=\"async\" data-id=\"13479\" src=\"https:\/\/svetslik.si\/wp-content\/uploads\/2022\/01\/Adele-Bloch-Bauer-1907-1024x718.jpg\" alt=\"Adele Bloch Bauer (1907)\" class=\"wp -image-13479\" \/><\/a><figcaption class=\"wp-element-caption\">Adele Bloch Bauer (1907)<\/figcaption><\/figure><figure class=\"wp-block-image size-large\"><a href=\"https:\/\/svetslik.si\/wp-content\/uploads\/2021\/08\/image_Portrait-Of-Adele-Bloch-Bauer-I- Gustav-Klimt_680.jpg\"><img decoding=\"async\" width=\"1016\" height=\"1024\" data-id=\"3217\" title=\"Gustav Klimt - Portrait Of Adele Bloch Bauer I (Portr\u00e4t von Adele Bloch Bauer I) - Gem\u00e4lde, Portr\u00e4t, Jugendstil, Frauenportr\u00e4t\" src=\"https:\/\/svetslik.si\/wp-content\/uploads\/2021\/08\/image_Portrait-Of-Adele-Bloch-Bauer-I-Gustav-Klimt_680-1016x1024.jpg\" alt=\"Gustav Klimt - Portrait Of Adele Bloch Bauer I (Portr\u00e4t von Adele Bloch Bauer I) - Gem\u00e4lde, Portr\u00e4t, Jugendstil, Frauenportr\u00e4t\" class=\"wp-image-3217\" srcset=\"https:\/\/svetslik.si\/wp-content\/uploads\/2021\/08\/image_Portrait-Of-Adele-Bloch-Bauer-I-Gustav-Klimt_680-1016x1024.jpg 1016w, https:\/\/svetslik.si\/wp-content\/uploads\/2021\/08\/image_Portrait-Of-Adele-Bloch-Bauer-I-Gustav-Klimt_680-600x605.jpg 600w, https:\/\/svetslik.si\/wp-content\/uploads\/2021\/08\/image_Portrait-Of-Adele-Bloch-Bauer-I-Gustav-Klimt_680-100x100.jpg 100w, https:\/\/svetslik.si\/wp-content\/uploads\/2021\/08\/image_Portrait-Of-Adele-Bloch-Bauer-I-Gustav-Klimt_680-1200x1209.jpg 1200w, https:\/\/svetslik.si\/wp-content\/uploads\/2021\/08\/image_Portrait-Of-Adele-Bloch-Bauer-I-Gustav-Klimt_680-298x300.jpg 298w, https:\/\/svetslik.si\/wp-content\/uploads\/2021\/08\/image_Portrait-Of-Adele-Bloch-Bauer-I-Gustav-Klimt_680-150x150.jpg 150w, https:\/\/svetslik.si\/wp-content\/uploads\/2021\/08\/image_Portrait-Of-Adele-Bloch-Bauer-I-Gustav-Klimt_680-768x774.jpg 768w, https:\/\/svetslik.si\/wp-content\/uploads\/2021\/08\/image_Portrait-Of-Adele-Bloch-Bauer-I-Gustav-Klimt_680-1525x1536.jpg 1525w, https:\/\/svetslik.si\/wp-content\/uploads\/2021\/08\/image_Portrait-Of-Adele-Bloch-Bauer-I-Gustav-Klimt_680-2033x2048.jpg 2033w, https:\/\/svetslik.si\/wp-content\/uploads\/2021\/08\/image_Portrait-Of-Adele-Bloch-Bauer-I-Gustav-Klimt_680-12x12.jpg 12w, https:\/\/svetslik.si\/wp-content\/uploads\/2021\/08\/image_Portrait-Of-Adele-Bloch-Bauer-I-Gustav-Klimt_680-900x907.jpg 900w\" sizes=\"(max-width: 1016px) 100vw, 1016px\" \/><\/a><figcaption class=\"wp-element-caption\">Gustav Klimt &#8211; Portr\u00e4t von Adele Bloch Bauer I <\/figcaption><\/figure><\/figure><h3 class=\"wp-block-heading\">4. <a href=\"https:\/\/svetslik.si\/de\/gustav-klimt-de\/\">Gustav Klimt<\/a> \u2013 Zerst\u00f6rte Gem\u00e4lde<\/h3><p>Schloss Immendorf in einem kleinen \u00f6sterreichischen Dorf diente w\u00e4hrend des Krieges als sicheres Depot f\u00fcr Raubkunst. Es enthielt vierzehn Werke von Klimt. Alle Gem\u00e4lde wurden noch vor Kriegsende von der SS-Einheit zerst\u00f6rt und verbrannt. Darunter befanden sich auch die umstrittenen Gem\u00e4lde f\u00fcr die Decke der Universit\u00e4t Wien, die heute nur noch in Form von vorbereitenden Skizzen und einigen Schwarz-Wei\u00df-Fotografien erhalten sind. Allerdings ist es ihnen k\u00fcrzlich gelungen, diese Fotos mit k\u00fcnstlicher Intelligenz zu retuschieren, und heute k\u00f6nnen wir sie in Farbe bewundern.<\/p><figure class=\"wp-block-image size-large\"><img decoding=\"async\" src=\"https:\/\/svetslik.si\/wp-content\/uploads\/2022\/01\/Originalne-fotografie-unicenih-Klimtovih-del-1024x538. jpg\" alt=\"Originalfotos zerst\u00f6rter Klimt-Werke\" class=\"wp-image-13485\" \/><figcaption class=\"wp-element-caption\">Originalfotos zerst\u00f6rter Klimt-Werke<\/figcaption><\/figure><figure class=\"wp-block-image size-large\"><img decoding=\"async\" width=\"1024\" height=\"576\" src=\"https:\/\/svetslik.si\/wp-content\/uploads\/2022\/01\/Barvno-retusurane-fotografije-1024x576.jpg\" alt=\"Gustav Klimt\" class=\"wp-image-13486\" srcset=\"https:\/\/svetslik.si\/wp-content\/uploads\/2022\/01\/Barvno-retusurane-fotografije-1024x576.jpg 1024w, https:\/\/svetslik.si\/wp-content\/uploads\/2022\/01\/Barvno-retusurane-fotografije-600x338.jpg 600w, https:\/\/svetslik.si\/wp-content\/uploads\/2022\/01\/Barvno-retusurane-fotografije-1200x675.jpg 1200w, https:\/\/svetslik.si\/wp-content\/uploads\/2022\/01\/Barvno-retusurane-fotografije-300x169.jpg 300w, https:\/\/svetslik.si\/wp-content\/uploads\/2022\/01\/Barvno-retusurane-fotografije-768x432.jpg 768w, https:\/\/svetslik.si\/wp-content\/uploads\/2022\/01\/Barvno-retusurane-fotografije-150x84.jpg 150w, https:\/\/svetslik.si\/wp-content\/uploads\/2022\/01\/Barvno-retusurane-fotografije-900x506.jpg 900w, https:\/\/svetslik.si\/wp-content\/uploads\/2022\/01\/Barvno-retusurane-fotografije.jpg 1280w\" sizes=\"(max-width: 1024px) 100vw, 1024px\" \/><figcaption class=\"wp-element-caption\">Gustav Klimt \u2013 Farbretuschierte Fotos<\/figcaption><\/figure><h3 class=\"wp-block-heading\">5. <a href=\"https:\/\/svetslik.si\/de\/gustav-klimt-de\/\">Gustav Klimt<\/a> \u2013 Das Goldene Zeitalter von Gustav Klimt<\/h3><p>Blattgold verwendete er erstmals Anfang 1898 in seinen Gem\u00e4lden, im Gem\u00e4lde Pallas Athene. Im gleichen Zeitraum verwendete er auch geometrische und florale Motive. Im Jahr 1903 reiste er nach Ravenna in Italien und besuchte die Basilika San Vitale \u2013 eine Kirche, die als Meisterwerk byzantinischer Architektur gilt und Mosaike verwendet. Dieser Stil inspirierte Gustav stark, wie in seinen Werken wie \u201ePortr\u00e4t von Adele Bloch-Bauer I (1907)\u201c und \u201eKuss (1907-1908)\u201c zu sehen ist. Diese goldene Phase trat erst in der Mitte seiner Karriere ein, da er vor allem f\u00fcr diesen goldenen Glanz seiner Werke bekannt ist. Vor dem Goldenen Zeitalter malte er haupts\u00e4chlich mit \u00d6lfarben und vielen Formatgem\u00e4lden. Sein Vater brachte ihm das Malen mit Gold bei.<\/p><figure class=\"wp-block-gallery has-nested-images columns-default is-beschnitten wp-block-gallery-2 is-layout-flex wp-block-gallery-is-layout-flex\"><figure class=\"wp-block-image size-large\"><a href=\"https:\/\/svetslik.si\/wp-content\/uploads\/2022\/01\/Gustav-Klimt-zlato-na-slikah.jpg\"><img decoding=\"async\" data-id=\"13489\" title=\"Gustav Klimt \u2013 Gold in Gem\u00e4lden\" src=\"https:\/\/svetslik.si\/wp-content\/uploads\/2022\/01\/Gustav-Klimt-zlato-na-slikah.jpg\" alt=\"Gustav Klimt \u2013 Gold in Gem\u00e4lden\" class=\"wp -image-13489\" \/><\/a><figcaption class=\"wp-element-caption\">Gustav Klimt \u2013 Gold in Bildern<\/figcaption><\/figure><figure class=\"wp-block-image size-large\"><a href=\"https:\/\/svetslik.si\/wp-content\/uploads\/2022\/01\/Zlato-na-Klimtovih-slikah.jpg\"><img decoding=\"async\" width=\"879\" height=\"770\" data-id=\"13488\" title=\"Gold in Klimts Gem\u00e4lden\" src=\"https:\/\/svetslik.si\/wp-content\/uploads\/2022\/01\/Zlato-na-Klimtovih-slikah.jpg\" alt=\"Gold in Klimts Gem\u00e4lden\" class=\"wp-image-13488\" srcset=\"https:\/\/svetslik.si\/wp-content\/uploads\/2022\/01\/Zlato-na-Klimtovih-slikah.jpg 879w, https:\/\/svetslik.si\/wp-content\/uploads\/2022\/01\/Zlato-na-Klimtovih-slikah-600x526.jpg 600w, https:\/\/svetslik.si\/wp-content\/uploads\/2022\/01\/Zlato-na-Klimtovih-slikah-300x263.jpg 300w, https:\/\/svetslik.si\/wp-content\/uploads\/2022\/01\/Zlato-na-Klimtovih-slikah-768x673.jpg 768w, https:\/\/svetslik.si\/wp-content\/uploads\/2022\/01\/Zlato-na-Klimtovih-slikah-150x131.jpg 150w\" sizes=\"(max-width: 879px) 100vw, 879px\" \/><\/a><figcaption class=\"wp-element-caption\">Gustav Klimt \u2013 Gold in Bildern<\/figcaption><\/figure><\/figure><h3 class=\"wp-block-heading\">6. <a href=\"https:\/\/svetslik.si\/de\/gustav-klimt-de\/\">Gustav Klimt<\/a> \u2013 Gestohlene Gem\u00e4lde<\/h3><p>Als die Nazis im Zweiten Weltkrieg \u00d6sterreich besetzten, beschlagnahmten sie das Privateigentum j\u00fcdischer Familien, darunter auch Gem\u00e4lde. Eines der Bilder war \u201e<strong><a href=\"https:\/\/svetslik.si\/gustav-klimt\/portrait-of-adele-bloch-bauer-i\/\" target=\"_blank\" rel=\"noreferrer noopener\">Portr\u00e4t von Adele Bloch-Bauer I<\/a><\/strong>\u201c. Die Bilder wurden im \u00d6sterreichischen Museum aufbewahrt. Maria Altmann, Nichte von Ferdinand Bloch-Bauer, erhielt das Gem\u00e4lde zusammen mit drei weiteren Gem\u00e4lden durch den Hof.<\/p><h3 class=\"wp-block-heading\">7. <a href=\"https:\/\/svetslik.si\/de\/gustav-klimt-de\/\">Gustav Klimt <\/a> &#8211; K\u00fcnstlerfamilie<\/h3><p><strong>Gustav Klimt<\/strong> war das zweite von sieben Kindern der Familie. Seine Mutter Anna war eine talentierte Musikerin, die davon tr\u00e4umte, Operns\u00e4ngerin zu werden. Doch aufgrund der vielen Kinder und des Drucks der Mutterschaft konnte sie diesen Traum nicht verwirklichen. Sein Vater Ernst war von Beruf Goldgraveur und gelernter Maler. Er brachte seinen Kindern schon fr\u00fch das Malen bei. Gustav war so talentiert, dass er im Alter von 14 Jahren ein Vollstipendium an der Wiener Kunstgewerbeschule erhielt. Auch sein j\u00fcngerer Bruder folgte ihm.<\/p><h3 class=\"wp-block-heading\">8. <a href=\"https:\/\/svetslik.si\/de\/gustav-klimt-de\/\">Gustav Klimt<\/a>&#8211; \u201eDer Kuss\u201c wurde fast nicht gemalt<\/h3><p><strong><a href=\"https:\/\/svetslik.si\/de\/gustav-klimt-de\/\">Gustav Klimt<\/a><\/strong> war sich nicht sicher, ob er in seiner Karriere die richtige Richtung eingeschlagen hatte. Bei der letzten Ausstellung wurde es aufgrund der Verwendung radikaler Motive und Materialien kritisiert und sogar entfernt und als \u201epornografisch\u201c bezeichnet. Sobald er anfing, sie zu skizzieren, geriet er wegen seiner neuen Bilder in Panik. Er sagte: \u201eEntweder bin ich zu alt, zu nerv\u00f6s oder zu dumm \u2013 irgendetwas muss nicht stimmen.\u201c Dies spiegelt sehr gut die Besorgnis wider, die \u201eKiss\u201c bereits auf dem Papier hervorrief. Heute ist <a href=\"https:\/\/svetslik.si\/gustav-klimt\/the-kiss\/\"><strong>Der Kuss \u2013 Poljub <\/strong><\/a> sein ber\u00fchmtestes Werk.<\/p><figure class=\"wp-block-image size-large\"><a href=\"https:\/\/svetslik.si\/wp-content\/uploads\/2022\/01\/Klimt-The-Kiss-Original-1024x264.jpg\"><img decoding=\"async\" width=\"1024\" height=\"264\" title=\"Klimt Der Kuss \u2013 Der Kuss \u2013 Original\" src=\"https:\/\/svetslik.si\/wp-content\/uploads\/2022\/01\/Klimt-The-Kiss-Original-1024x264.jpg\" alt=\"Klimt Der Kuss \u2013 Der Kuss \u2013 Original\" class=\" wp-image-13490\" srcset=\"https:\/\/svetslik.si\/wp-content\/uploads\/2022\/01\/Klimt-The-Kiss-Original-1024x264.jpg 1024w, https:\/\/svetslik.si\/wp-content\/uploads\/2022\/01\/Klimt-The-Kiss-Original-600x155.jpg 600w, https:\/\/svetslik.si\/wp-content\/uploads\/2022\/01\/Klimt-The-Kiss-Original-1200x309.jpg 1200w, https:\/\/svetslik.si\/wp-content\/uploads\/2022\/01\/Klimt-The-Kiss-Original-300x77.jpg 300w, https:\/\/svetslik.si\/wp-content\/uploads\/2022\/01\/Klimt-The-Kiss-Original-768x198.jpg 768w, https:\/\/svetslik.si\/wp-content\/uploads\/2022\/01\/Klimt-The-Kiss-Original-1536x396.jpg 1536w, https:\/\/svetslik.si\/wp-content\/uploads\/2022\/01\/Klimt-The-Kiss-Original-2048x528.jpg 2048w, https:\/\/svetslik.si\/wp-content\/uploads\/2022\/01\/Klimt-The-Kiss-Original-150x39.jpg 150w, https:\/\/svetslik.si\/wp-content\/uploads\/2022\/01\/Klimt-The-Kiss-Original-1320x340.jpg 1320w, https:\/\/svetslik.si\/wp-content\/uploads\/2022\/01\/Klimt-The-Kiss-Original-900x232.jpg 900w\" sizes=\"(max-width: 1024px) 100vw, 1024px\" \/><\/a><figcaption class=\"wp-element-caption\">Gustav Klimt \u2013 Der Kuss \u2013 Poljub \u2013 Original<\/figcaption><\/figure><h3 class=\"wp-block-heading\">9. Gustav Klimt \u2013 Er liebte die Landschaft<\/h3><p>G<strong>ustav Klimt<\/strong> ist vor allem f\u00fcr seine Leidenschaft f\u00fcr Frauen in seinen Gem\u00e4lden bekannt, aber er interessierte sich auch f\u00fcr Landschaften. Das Einzige, was ihm neben dem Malen gefiel. Jedes Jahr reiste er an den Attersee in Ober\u00f6sterreich und malte viele Landschaften. Die Einheimischen dieser Gegend gaben ihm den Spitznamen \u201eWaldschrat\u201c \u2013 Waldzwerg. Er betrachtete seine Kompositionen mit einem Teleskop.<\/p><h3 class=\"wp-block-heading\">10. Gustav Klimt \u2013 Er begann seine Karriere als Innenarchitekt<\/h3><p><strong>Gustav Klimt<\/strong> war der Beste seiner Schule und gewann bereits vor seinem Abschluss mehrere Auftr\u00e4ge. Der Schwerpunkt seines Studiums lag auf der Architekturmalerei, sein Stil wurde von Hans Makart, dem historisch bedeutendsten Wiener Maler seiner Zeit, beeinflusst. Gustav, Ernst und ihr Freund Franz gr\u00fcndeten ein Innenarchitekturatelier, das sich auf private und \u00f6ffentliche Wandmalereien im ber\u00fchmten historischen Stil konzentrierte. Sie erhielten viele Auftr\u00e4ge und Auftr\u00e4ge, darunter das ber\u00fchmte Wandgem\u00e4lde im Wiener Burgtheater und die Decke des Kunsthistorischen Museums. Die Qualit\u00e4t ihrer Arbeiten ist ausgezeichnetkannte Kaiser Franz Josef I. und verlieh ihnen den Goldenen Verdienstorden.<\/p><div class=\"wp-block-columns is-layout-flex wp-container-core-columns-is-layout-9d6595d7 wp-block-columns-is-layout-flex\"><div class=\"wp-block-column is-layout-flow wp-block-column-is-layout-flow\" style=\"flex-basis:100%\"><div class=\"wp-block-group\"><div class=\"wp-block-group__inner-container is-layout-flow wp-block-group-is-layout-flow\"><div class=\"wp-block-image\"><figure class=\"aligncenter\"><img decoding=\"async\" title=\"Gustav Klimt Beethovenfries\" alt=\"Gustav Klimt Beethovenfries\" src=\"https:\/\/svetslik.si\/wp-content\/uploads\/2022\/01\/Gustav-Klimt-Beethoven-Frieze.jpg\" \/><figcaption class=\"wp-element-caption\">Gustav Klimt Beethoven-Fries<\/figcaption><\/figure><\/div><div class=\"wp-block-image\"><figure class=\"aligncenter\"><img decoding=\"async\" title=\"Gustav Klimt - Atena in Egypt (Atena in \u00c4gypten) - Gem\u00e4lde, Mythologie, \u00e4gyptische Motive, Jugendstil\" src=\"https:\/\/svetslik.si\/wp-content\/uploads\/2022\/01\/Umetnostni-muzej-Atena-in-Egipt-1.jpg\" alt=\"Gustav Klimt - Atena in Egypt (Atena in \u00c4gypten) - Gem\u00e4lde, Mythologie, \u00e4gyptische Motive, Jugendstil\" \/><figcaption class=\"wp-element-caption\">Gustav Klimt &#8211; Kunstmuseum &#8211; Athen und \u00c4gypten<\/figcaption><\/figure><\/div><\/div><\/div><\/div><\/div>","protected":false},"excerpt":{"rendered":"<p>GUSTAV KLIMT \u2013 10 interessante Fakten Gustav Klimt \u2013 geboren am 14. Juni 1862 \u2013 6. Februar 1918 Gr\u00fcnder der Malschule der Wiener Secession. Im Jahr 1883 er\u00f6ffnete er ein unabh\u00e4ngiges Atelier, das sich auf die Herstellung von Wandgem\u00e4lden spezialisierte. 1. Gustav Klimt \u2013 Notorischer Frauenheld Gustav Klimt war nie [&hellip;]<\/p>\n","protected":false},"author":1,"featured_media":64773,"comment_status":"closed","ping_status":"closed","sticky":false,"template":"","format":"standard","meta":{"_acf_changed":false,"_jetpack_memberships_contains_paid_content":false,"footnotes":""},"categories":[8434],"tags":[9710,9711,9712,9713,9715,9714],"class_list":["post-76275","post","type-post","status-publish","format-standard","has-post-thumbnail","hentry","category-reproduktionen-von-gemalden","tag-gustav-klimt-de","tag-gustav-klimt-kuss","tag-gustav-klimt-kuss-1","tag-klimt-adele-de","tag-kuss","tag-kuss-de"],"acf":[],"yoast_head":"<!-- This site is optimized with the Yoast SEO Premium plugin v26.0 (Yoast SEO v27.2) - https:\/\/yoast.com\/product\/yoast-seo-premium-wordpress\/ -->\n<title>Gustav Klimt - SVETSLIK.SI<\/title>\n<meta name=\"description\" content=\"Gustav Klimt - 10 Fakten \u00fcber den Maler - 100% handgemalte Reproduktionen der Kunstwerke bekannter Maler.\" \/>\n<meta name=\"robots\" content=\"index, follow, max-snippet:-1, max-image-preview:large, max-video-preview:-1\" \/>\n<link rel=\"canonical\" href=\"https:\/\/svetslik.si\/de\/gustav-klimt-10-zanimivosti\/\" \/>\n<meta property=\"og:locale\" content=\"de_DE\" \/>\n<meta property=\"og:type\" content=\"article\" \/>\n<meta property=\"og:title\" content=\"Gustav Klimt - SVETSLIK.SI\" \/>\n<meta property=\"og:description\" content=\"100% ro\u010dno naslikane slike na platnu, reprodukcije znanih slikarjev in umetni\u0161ke slike po naro\u010dilu.\" \/>\n<meta property=\"og:url\" content=\"https:\/\/svetslik.si\/de\/gustav-klimt-10-zanimivosti\/\" \/>\n<meta property=\"og:site_name\" content=\"SVETSLIK.SI\" \/>\n<meta property=\"article:publisher\" content=\"https:\/\/www.facebook.com\/svetslik.si\" \/>\n<meta property=\"article:published_time\" content=\"2020-11-30T15:31:30+00:00\" \/>\n<meta property=\"article:modified_time\" content=\"2023-07-01T07:52:28+00:00\" \/>\n<meta property=\"og:image\" content=\"https:\/\/svetslik.si\/wp-content\/uploads\/2022\/01\/Barvno-retusurane-fotografije.jpg\" \/>\n\t<meta property=\"og:image:width\" content=\"1280\" \/>\n\t<meta property=\"og:image:height\" content=\"720\" \/>\n\t<meta property=\"og:image:type\" content=\"image\/jpeg\" \/>\n<meta name=\"author\" content=\"svetslik\" \/>\n<meta name=\"twitter:card\" content=\"summary_large_image\" \/>\n<meta name=\"twitter:creator\" content=\"@svetslik\" \/>\n<meta name=\"twitter:site\" content=\"@svetslik\" \/>\n<meta name=\"twitter:label1\" content=\"Verfasst von\" \/>\n\t<meta name=\"twitter:data1\" content=\"svetslik\" \/>\n\t<meta name=\"twitter:label2\" content=\"Gesch\u00e4tzte Lesezeit\" \/>\n\t<meta name=\"twitter:data2\" content=\"8\u00a0Minuten\" \/>\n<script type=\"application\/ld+json\" class=\"yoast-schema-graph\">{\"@context\":\"https:\/\/schema.org\",\"@graph\":[{\"@type\":[\"Article\",\"BlogPosting\"],\"@id\":\"https:\/\/svetslik.si\/de\/gustav-klimt-10-zanimivosti\/#article\",\"isPartOf\":{\"@id\":\"https:\/\/svetslik.si\/de\/gustav-klimt-10-zanimivosti\/\"},\"author\":{\"name\":\"svetslik\",\"@id\":\"https:\/\/svetslik.si\/de\/#\/schema\/person\/b88e7dc1d7b5a07806cd25804c14fa87\"},\"headline\":\"Gustav Klimt\",\"datePublished\":\"2020-11-30T15:31:30+00:00\",\"dateModified\":\"2023-07-01T07:52:28+00:00\",\"mainEntityOfPage\":{\"@id\":\"https:\/\/svetslik.si\/de\/gustav-klimt-10-zanimivosti\/\"},\"wordCount\":1002,\"publisher\":{\"@id\":\"https:\/\/svetslik.si\/de\/#organization\"},\"image\":{\"@id\":\"https:\/\/svetslik.si\/de\/gustav-klimt-10-zanimivosti\/#primaryimage\"},\"thumbnailUrl\":\"https:\/\/svetslik.si\/wp-content\/uploads\/2022\/01\/Barvno-retusurane-fotografije.jpg\",\"keywords\":[\"gustav klimt\",\"gustav klimt kuss\",\"gustav klimt kuss\",\"klimt adele\",\"Kuss\",\"Kuss\"],\"articleSection\":[\"Reproduktionen ber\u00fchmter Gem\u00e4lde\"],\"inLanguage\":\"de\"},{\"@type\":\"WebPage\",\"@id\":\"https:\/\/svetslik.si\/de\/gustav-klimt-10-zanimivosti\/\",\"url\":\"https:\/\/svetslik.si\/de\/gustav-klimt-10-zanimivosti\/\",\"name\":\"Gustav Klimt - SVETSLIK.SI\",\"isPartOf\":{\"@id\":\"https:\/\/svetslik.si\/de\/#website\"},\"primaryImageOfPage\":{\"@id\":\"https:\/\/svetslik.si\/de\/gustav-klimt-10-zanimivosti\/#primaryimage\"},\"image\":{\"@id\":\"https:\/\/svetslik.si\/de\/gustav-klimt-10-zanimivosti\/#primaryimage\"},\"thumbnailUrl\":\"https:\/\/svetslik.si\/wp-content\/uploads\/2022\/01\/Barvno-retusurane-fotografije.jpg\",\"datePublished\":\"2020-11-30T15:31:30+00:00\",\"dateModified\":\"2023-07-01T07:52:28+00:00\",\"description\":\"Gustav Klimt - 10 Fakten \u00fcber den Maler - 100% handgemalte Reproduktionen der Kunstwerke bekannter Maler.\",\"breadcrumb\":{\"@id\":\"https:\/\/svetslik.si\/de\/gustav-klimt-10-zanimivosti\/#breadcrumb\"},\"inLanguage\":\"de\",\"potentialAction\":[{\"@type\":\"ReadAction\",\"target\":[\"https:\/\/svetslik.si\/de\/gustav-klimt-10-zanimivosti\/\"]}]},{\"@type\":\"ImageObject\",\"inLanguage\":\"de\",\"@id\":\"https:\/\/svetslik.si\/de\/gustav-klimt-10-zanimivosti\/#primaryimage\",\"url\":\"https:\/\/svetslik.si\/wp-content\/uploads\/2022\/01\/Barvno-retusurane-fotografije.jpg\",\"contentUrl\":\"https:\/\/svetslik.si\/wp-content\/uploads\/2022\/01\/Barvno-retusurane-fotografije.jpg\",\"width\":1280,\"height\":720,\"caption\":\"Gustav Klimt\"},{\"@type\":\"BreadcrumbList\",\"@id\":\"https:\/\/svetslik.si\/de\/gustav-klimt-10-zanimivosti\/#breadcrumb\",\"itemListElement\":[{\"@type\":\"ListItem\",\"position\":1,\"name\":\"Wandkunst und Gem\u00e4lde auf Leinwand\",\"item\":\"https:\/\/svetslik.si\/de\/\"},{\"@type\":\"ListItem\",\"position\":2,\"name\":\"Gustav Klimt\"}]},{\"@type\":\"WebSite\",\"@id\":\"https:\/\/svetslik.si\/de\/#website\",\"url\":\"https:\/\/svetslik.si\/de\/\",\"name\":\"SVETSLIK.SI\",\"description\":\"100% handgemalte Reproduktionen von Gem\u00e4lden ber\u00fchmter Maler und Gem\u00e4lde auf Leinwand.\",\"publisher\":{\"@id\":\"https:\/\/svetslik.si\/de\/#organization\"},\"potentialAction\":[{\"@type\":\"SearchAction\",\"target\":{\"@type\":\"EntryPoint\",\"urlTemplate\":\"https:\/\/svetslik.si\/de\/?s={search_term_string}\"},\"query-input\":{\"@type\":\"PropertyValueSpecification\",\"valueRequired\":true,\"valueName\":\"search_term_string\"}}],\"inLanguage\":\"de\"},{\"@type\":\"Organization\",\"@id\":\"https:\/\/svetslik.si\/de\/#organization\",\"name\":\"SvetSlik.si\",\"url\":\"https:\/\/svetslik.si\/de\/\",\"logo\":{\"@type\":\"ImageObject\",\"inLanguage\":\"de\",\"@id\":\"https:\/\/svetslik.si\/de\/#\/schema\/logo\/image\/\",\"url\":\"https:\/\/svetslik.si\/wp-content\/uploads\/2020\/12\/logo-512.png\",\"contentUrl\":\"https:\/\/svetslik.si\/wp-content\/uploads\/2020\/12\/logo-512.png\",\"width\":512,\"height\":512,\"caption\":\"SvetSlik.si\"},\"image\":{\"@id\":\"https:\/\/svetslik.si\/de\/#\/schema\/logo\/image\/\"},\"sameAs\":[\"https:\/\/www.facebook.com\/svetslik.si\",\"https:\/\/x.com\/svetslik\",\"https:\/\/www.instagram.com\/svetslik.si\/\",\"https:\/\/www.linkedin.com\/company\/svetslik-si\"]},{\"@type\":\"Person\",\"@id\":\"https:\/\/svetslik.si\/de\/#\/schema\/person\/b88e7dc1d7b5a07806cd25804c14fa87\",\"name\":\"svetslik\",\"image\":{\"@type\":\"ImageObject\",\"inLanguage\":\"de\",\"@id\":\"https:\/\/svetslik.si\/wp-content\/uploads\/nsl_avatars\/d23d0eae6d69da2b5d876c86b0b491b8.png\",\"url\":\"https:\/\/svetslik.si\/wp-content\/uploads\/nsl_avatars\/d23d0eae6d69da2b5d876c86b0b491b8.png\",\"contentUrl\":\"https:\/\/svetslik.si\/wp-content\/uploads\/nsl_avatars\/d23d0eae6d69da2b5d876c86b0b491b8.png\",\"caption\":\"svetslik\"},\"sameAs\":[\"http:\/\/localhost\/svetslik\"],\"url\":\"https:\/\/svetslik.si\/de\/author\/svetslik\/\"}]}<\/script>\n<!-- \/ Yoast SEO Premium plugin. -->","yoast_head_json":{"title":"Gustav Klimt - SVETSLIK.SI","description":"Gustav Klimt - 10 Fakten \u00fcber den Maler - 100% handgemalte Reproduktionen der Kunstwerke bekannter Maler.","robots":{"index":"index","follow":"follow","max-snippet":"max-snippet:-1","max-image-preview":"max-image-preview:large","max-video-preview":"max-video-preview:-1"},"canonical":"https:\/\/svetslik.si\/de\/gustav-klimt-10-zanimivosti\/","og_locale":"de_DE","og_type":"article","og_title":"Gustav Klimt - SVETSLIK.SI","og_description":"100% ro\u010dno naslikane slike na platnu, reprodukcije znanih slikarjev in umetni\u0161ke slike po naro\u010dilu.","og_url":"https:\/\/svetslik.si\/de\/gustav-klimt-10-zanimivosti\/","og_site_name":"SVETSLIK.SI","article_publisher":"https:\/\/www.facebook.com\/svetslik.si","article_published_time":"2020-11-30T15:31:30+00:00","article_modified_time":"2023-07-01T07:52:28+00:00","og_image":[{"width":1280,"height":720,"url":"https:\/\/svetslik.si\/wp-content\/uploads\/2022\/01\/Barvno-retusurane-fotografije.jpg","type":"image\/jpeg"}],"author":"svetslik","twitter_card":"summary_large_image","twitter_creator":"@svetslik","twitter_site":"@svetslik","twitter_misc":{"Verfasst von":"svetslik","Gesch\u00e4tzte Lesezeit":"8\u00a0Minuten"},"schema":{"@context":"https:\/\/schema.org","@graph":[{"@type":["Article","BlogPosting"],"@id":"https:\/\/svetslik.si\/de\/gustav-klimt-10-zanimivosti\/#article","isPartOf":{"@id":"https:\/\/svetslik.si\/de\/gustav-klimt-10-zanimivosti\/"},"author":{"name":"svetslik","@id":"https:\/\/svetslik.si\/de\/#\/schema\/person\/b88e7dc1d7b5a07806cd25804c14fa87"},"headline":"Gustav Klimt","datePublished":"2020-11-30T15:31:30+00:00","dateModified":"2023-07-01T07:52:28+00:00","mainEntityOfPage":{"@id":"https:\/\/svetslik.si\/de\/gustav-klimt-10-zanimivosti\/"},"wordCount":1002,"publisher":{"@id":"https:\/\/svetslik.si\/de\/#organization"},"image":{"@id":"https:\/\/svetslik.si\/de\/gustav-klimt-10-zanimivosti\/#primaryimage"},"thumbnailUrl":"https:\/\/svetslik.si\/wp-content\/uploads\/2022\/01\/Barvno-retusurane-fotografije.jpg","keywords":["gustav klimt","gustav klimt kuss","gustav klimt kuss","klimt adele","Kuss","Kuss"],"articleSection":["Reproduktionen ber\u00fchmter Gem\u00e4lde"],"inLanguage":"de"},{"@type":"WebPage","@id":"https:\/\/svetslik.si\/de\/gustav-klimt-10-zanimivosti\/","url":"https:\/\/svetslik.si\/de\/gustav-klimt-10-zanimivosti\/","name":"Gustav Klimt - SVETSLIK.SI","isPartOf":{"@id":"https:\/\/svetslik.si\/de\/#website"},"primaryImageOfPage":{"@id":"https:\/\/svetslik.si\/de\/gustav-klimt-10-zanimivosti\/#primaryimage"},"image":{"@id":"https:\/\/svetslik.si\/de\/gustav-klimt-10-zanimivosti\/#primaryimage"},"thumbnailUrl":"https:\/\/svetslik.si\/wp-content\/uploads\/2022\/01\/Barvno-retusurane-fotografije.jpg","datePublished":"2020-11-30T15:31:30+00:00","dateModified":"2023-07-01T07:52:28+00:00","description":"Gustav Klimt - 10 Fakten \u00fcber den Maler - 100% handgemalte Reproduktionen der Kunstwerke bekannter Maler.","breadcrumb":{"@id":"https:\/\/svetslik.si\/de\/gustav-klimt-10-zanimivosti\/#breadcrumb"},"inLanguage":"de","potentialAction":[{"@type":"ReadAction","target":["https:\/\/svetslik.si\/de\/gustav-klimt-10-zanimivosti\/"]}]},{"@type":"ImageObject","inLanguage":"de","@id":"https:\/\/svetslik.si\/de\/gustav-klimt-10-zanimivosti\/#primaryimage","url":"https:\/\/svetslik.si\/wp-content\/uploads\/2022\/01\/Barvno-retusurane-fotografije.jpg","contentUrl":"https:\/\/svetslik.si\/wp-content\/uploads\/2022\/01\/Barvno-retusurane-fotografije.jpg","width":1280,"height":720,"caption":"Gustav Klimt"},{"@type":"BreadcrumbList","@id":"https:\/\/svetslik.si\/de\/gustav-klimt-10-zanimivosti\/#breadcrumb","itemListElement":[{"@type":"ListItem","position":1,"name":"Wandkunst und Gem\u00e4lde auf Leinwand","item":"https:\/\/svetslik.si\/de\/"},{"@type":"ListItem","position":2,"name":"Gustav Klimt"}]},{"@type":"WebSite","@id":"https:\/\/svetslik.si\/de\/#website","url":"https:\/\/svetslik.si\/de\/","name":"SVETSLIK.SI","description":"100% handgemalte Reproduktionen von Gem\u00e4lden ber\u00fchmter Maler und Gem\u00e4lde auf Leinwand.","publisher":{"@id":"https:\/\/svetslik.si\/de\/#organization"},"potentialAction":[{"@type":"SearchAction","target":{"@type":"EntryPoint","urlTemplate":"https:\/\/svetslik.si\/de\/?s={search_term_string}"},"query-input":{"@type":"PropertyValueSpecification","valueRequired":true,"valueName":"search_term_string"}}],"inLanguage":"de"},{"@type":"Organization","@id":"https:\/\/svetslik.si\/de\/#organization","name":"SvetSlik.si","url":"https:\/\/svetslik.si\/de\/","logo":{"@type":"ImageObject","inLanguage":"de","@id":"https:\/\/svetslik.si\/de\/#\/schema\/logo\/image\/","url":"https:\/\/svetslik.si\/wp-content\/uploads\/2020\/12\/logo-512.png","contentUrl":"https:\/\/svetslik.si\/wp-content\/uploads\/2020\/12\/logo-512.png","width":512,"height":512,"caption":"SvetSlik.si"},"image":{"@id":"https:\/\/svetslik.si\/de\/#\/schema\/logo\/image\/"},"sameAs":["https:\/\/www.facebook.com\/svetslik.si","https:\/\/x.com\/svetslik","https:\/\/www.instagram.com\/svetslik.si\/","https:\/\/www.linkedin.com\/company\/svetslik-si"]},{"@type":"Person","@id":"https:\/\/svetslik.si\/de\/#\/schema\/person\/b88e7dc1d7b5a07806cd25804c14fa87","name":"svetslik","image":{"@type":"ImageObject","inLanguage":"de","@id":"https:\/\/svetslik.si\/wp-content\/uploads\/nsl_avatars\/d23d0eae6d69da2b5d876c86b0b491b8.png","url":"https:\/\/svetslik.si\/wp-content\/uploads\/nsl_avatars\/d23d0eae6d69da2b5d876c86b0b491b8.png","contentUrl":"https:\/\/svetslik.si\/wp-content\/uploads\/nsl_avatars\/d23d0eae6d69da2b5d876c86b0b491b8.png","caption":"svetslik"},"sameAs":["http:\/\/localhost\/svetslik"],"url":"https:\/\/svetslik.si\/de\/author\/svetslik\/"}]}},"jetpack_featured_media_url":"https:\/\/svetslik.si\/wp-content\/uploads\/2022\/01\/Barvno-retusurane-fotografije.jpg","jetpack_sharing_enabled":true,"_links":{"self":[{"href":"https:\/\/svetslik.si\/de\/wp-json\/wp\/v2\/posts\/76275","targetHints":{"allow":["GET"]}}],"collection":[{"href":"https:\/\/svetslik.si\/de\/wp-json\/wp\/v2\/posts"}],"about":[{"href":"https:\/\/svetslik.si\/de\/wp-json\/wp\/v2\/types\/post"}],"author":[{"embeddable":true,"href":"https:\/\/svetslik.si\/de\/wp-json\/wp\/v2\/users\/1"}],"replies":[{"embeddable":true,"href":"https:\/\/svetslik.si\/de\/wp-json\/wp\/v2\/comments?post=76275"}],"version-history":[{"count":0,"href":"https:\/\/svetslik.si\/de\/wp-json\/wp\/v2\/posts\/76275\/revisions"}],"wp:featuredmedia":[{"embeddable":true,"href":"https:\/\/svetslik.si\/de\/wp-json\/wp\/v2\/media\/64773"}],"wp:attachment":[{"href":"https:\/\/svetslik.si\/de\/wp-json\/wp\/v2\/media?parent=76275"}],"wp:term":[{"taxonomy":"category","embeddable":true,"href":"https:\/\/svetslik.si\/de\/wp-json\/wp\/v2\/categories?post=76275"},{"taxonomy":"post_tag","embeddable":true,"href":"https:\/\/svetslik.si\/de\/wp-json\/wp\/v2\/tags?post=76275"}],"curies":[{"name":"wp","href":"https:\/\/api.w.org\/{rel}","templated":true}]}}