{"id":7133,"count":26,"description":"<h1 style=\"text-align: center\">Pablo Picasso<\/h1>\n<p style=\"text-align: center\">Pablo Picasso k\u00e9ts\u00e9gtelen\u00fcl a 20. sz\u00e1zadi k\u00e9pz\u0151m\u0171v\u00e9szet legnagyobb alakja volt. Nemcsak egy m\u0171v\u00e9sz volt, aki r\u00e9szt vett a modern m\u0171v\u00e9szet ir\u00e1nyainak kialak\u00edt\u00e1s\u00e1ban, hanem egy h\u00edress\u00e9g is, akit a legt\u00f6bb ember ismert.<\/p>\n<p style=\"text-align: center\">1898-ban elhagyta a fest\u00e9szet tanulm\u00e1nyoz\u00e1s\u00e1t, \u00e9s saj\u00e1t \u00fatj\u00e1ra l\u00e9pett. H\u00e1rom \u00e9v alatt kialak\u00edtotta saj\u00e1t st\u00edlus\u00e1t, amelyet a K\u00e9k \u00e9s a R\u00f3zsasz\u00edn korszak jellemezett 1906-ig. A R\u00f3zsasz\u00edn korszak v\u00e9g\u00e9n \u00faj fest\u00e9si m\u00f3dszereket kezdett kipr\u00f3b\u00e1lni, \u00e9s elhagyta addigi st\u00edlus\u00e1t, amellyel m\u00e1r majdnem elismer\u00e9st szerzett. Majd 1907-ben kiv\u00e9teles \u00e1tt\u00f6r\u00e9st \u00e9rt el, amikor megfestette Az avignoni kisasszonyok (Les Demoiselles d'Avignon) c\u00edm\u0171 k\u00e9pet, amely az \u0151 kubista alkot\u00e1sainak kezdet\u00e9t is jelentette. Az els\u0151 vil\u00e1gh\u00e1bor\u00fa ut\u00e1n 1925-ben elkezdett torz, er\u0151szakosan expressz\u00edv form\u00e1kat festeni, \u00e9s munk\u00e1ja m\u00e9g sokoldal\u00fabb\u00e1 v\u00e1lt. A h\u00e1bor\u00fa hat\u00e1s\u00e1ra, annak borzalmain \u00e9s a sz\u00e9thull\u00f3 vil\u00e1gnak k\u00f6sz\u00f6nhet\u0151en 1937-ben megrajzolta legfontosabb \u00e9s legh\u00edresebb m\u0171v\u00e9t, a Guernic\u00f3t.<\/p>\n<p style=\"text-align: center\">Picasso m\u00e1r fiatal kor\u00e1ban kiv\u00e9teles m\u0171v\u00e9szi tehets\u00e9get mutatott, a naturalisztikus st\u00edlusban festett gyerekkora \u00e9s ifj\u00fakor\u00e1n \u00e1t. A 20. sz\u00e1zad els\u0151 \u00e9vtized\u00e9ben megv\u00e1ltozott a st\u00edlusa, amikor k\u00fcl\u00f6nb\u00f6z\u0151 elm\u00e9leteket, technik\u00e1kat \u00e9s \u00f6tleteket pr\u00f3b\u00e1lt ki. 1906 ut\u00e1n egy id\u0151sebb Henri Matisse fauvista m\u0171ve inspir\u00e1lta Picass\u00f3t a radik\u00e1lisabb st\u00edlusok felfedez\u00e9s\u00e9re, amelyek kezdett\u0151l fogva term\u00e9keny verseng\u00e9st ind\u00edtottak el a k\u00e9t m\u0171v\u00e9sz k\u00f6z\u00f6tt, \u00e9s amelyet a kritikusok gyakran \u00f6sszekapcsolnak a modern m\u0171v\u00e9szet vezet\u0151inek.<\/p>\n<p style=\"text-align: center\">Pablo Picasso \u00e9s m\u0171vei gyakran k\u00fcl\u00f6nb\u00f6z\u0151 korszakokba sorol\u00f3dnak. M\u00edg sok k\u00e9s\u0151bbi korszak\u00e1nak nev\u00e9r\u0151l vitatkoznak, a leggyakrabban elfogadott korszakok a m\u0171v\u00e9szet\u00e9ben a K\u00e9k korszak (1901\u20131904), a R\u00f3zsasz\u00edn korszak (1904\u20131906), az Afrikai hat\u00e1s korszaka (1907\u20131909), az Analitikus kubizmus (1909\u20131912) \u00e9s a Szintetikus kubizmus (1912\u20131919), amelyet n\u00e9ha Krist\u00e1ly korszaknak is neveznek. A 1910-es \u00e9s 1920-as \u00e9vek elej\u00e9n alkotott jelent\u0151s m\u0171vek nagy r\u00e9sze neoklasszikus st\u00edlusban festett, a 1920-as \u00e9vek k\u00f6zep\u00e9n alkotott munk\u00e1i gyakran surrealista jegyekkel rendelkeznek. K\u00e9s\u0151bbi m\u0171vei gyakran \u00f6tv\u00f6zik kor\u00e1bbi st\u00edlusainak elemeit.<\/p>\n<p style=\"text-align: center\">Pablo Picasso st\u00edlusa azt a benyom\u00e1st kelti, mintha elfelejtette volna a val\u00f3s\u00e1g \u00e9s az ar\u00e1nyok minden szab\u00e1ly\u00e1t. 1973. \u00e1prilis 8-\u00e1n, magas \u00e9letkorban hunyt el.<\/p>\n<p style=\"text-align: center\"><strong>Keywords: v\u00e1szonk\u00e9p, festm\u00e9nyek, absztrakt festm\u00e9ny, falik\u00e9pek, absztrakt festm\u00e9nyek<\/strong><\/p>","link":"https:\/\/svetslik.si\/hu\/pablo-picasso-hu\/","name":"Pablo Picasso","slug":"pablo-picasso-hu","taxonomy":"product_cat","parent":7126,"meta":[],"menu_order":25,"acf":[],"yoast_head":"<!-- This site is optimized with the Yoast SEO Premium plugin v26.0 (Yoast SEO v27.2) - https:\/\/yoast.com\/product\/yoast-seo-premium-wordpress\/ -->\n<title>Pablo Picasso - SVETSLIK.SI<\/title>\n<meta name=\"description\" content=\"Pablo Picasso - 100% k\u00e9zi fest\u00e9ssel k\u00e9sz\u00fclt. V\u00e1szonk\u00e9pek, k\u00e9pm\u00e1sok, modern \u00e9s absztrakt festm\u00e9nyek, valamint egyedi rendel\u00e9sre k\u00e9sz\u00fclt festm\u00e9nyek \u00e9rt\u00e9kes\u00edt\u00e9se.\" \/>\n<meta name=\"robots\" content=\"index, follow, max-snippet:-1, max-image-preview:large, max-video-preview:-1\" \/>\n<link rel=\"canonical\" href=\"https:\/\/svetslik.si\/hu\/pablo-picasso-hu\/\" \/>\n<meta property=\"og:locale\" content=\"hu_HU\" \/>\n<meta property=\"og:type\" content=\"article\" \/>\n<meta property=\"og:title\" content=\"Pablo Picasso Archives\" \/>\n<meta property=\"og:description\" content=\"Pablo Picasso - 100% k\u00e9zi fest\u00e9ssel k\u00e9sz\u00fclt. V\u00e1szonk\u00e9pek, k\u00e9pm\u00e1sok, modern \u00e9s absztrakt festm\u00e9nyek, valamint egyedi rendel\u00e9sre k\u00e9sz\u00fclt festm\u00e9nyek \u00e9rt\u00e9kes\u00edt\u00e9se.\" \/>\n<meta property=\"og:url\" content=\"https:\/\/svetslik.si\/hu\/pablo-picasso-hu\/\" \/>\n<meta property=\"og:site_name\" content=\"SVETSLIK.SI\" \/>\n<meta property=\"og:image\" content=\"https:\/\/svetslik.si\/wp-content\/uploads\/2023\/02\/svetslik.si_.jpg\" \/>\n\t<meta property=\"og:image:width\" content=\"1736\" \/>\n\t<meta property=\"og:image:height\" content=\"570\" \/>\n\t<meta property=\"og:image:type\" content=\"image\/jpeg\" \/>\n<meta name=\"twitter:card\" content=\"summary_large_image\" \/>\n<meta name=\"twitter:site\" content=\"@svetslik\" \/>\n<script type=\"application\/ld+json\" class=\"yoast-schema-graph\">{\"@context\":\"https:\/\/schema.org\",\"@graph\":[{\"@type\":\"CollectionPage\",\"@id\":\"https:\/\/svetslik.si\/hu\/pablo-picasso-hu\/\",\"url\":\"https:\/\/svetslik.si\/hu\/pablo-picasso-hu\/\",\"name\":\"Pablo Picasso - SVETSLIK.SI\",\"isPartOf\":{\"@id\":\"https:\/\/svetslik.si\/hu\/#website\"},\"description\":\"Pablo Picasso - 100% k\u00e9zi fest\u00e9ssel k\u00e9sz\u00fclt. V\u00e1szonk\u00e9pek, k\u00e9pm\u00e1sok, modern \u00e9s absztrakt festm\u00e9nyek, valamint egyedi rendel\u00e9sre k\u00e9sz\u00fclt festm\u00e9nyek \u00e9rt\u00e9kes\u00edt\u00e9se.\",\"breadcrumb\":{\"@id\":\"https:\/\/svetslik.si\/hu\/pablo-picasso-hu\/#breadcrumb\"},\"inLanguage\":\"hu\"},{\"@type\":\"BreadcrumbList\",\"@id\":\"https:\/\/svetslik.si\/hu\/pablo-picasso-hu\/#breadcrumb\",\"itemListElement\":[{\"@type\":\"ListItem\",\"position\":1,\"name\":\"Wall art and paintings on canvas\",\"item\":\"https:\/\/svetslik.si\/hu\/\"},{\"@type\":\"ListItem\",\"position\":2,\"name\":\"H\u00cdRES FEST\u0150K K\u00c9PEINEK REPRODUKCI\u00d3I (TANULM\u00c1NYOK)\",\"item\":\"https:\/\/svetslik.si\/hu\/hires-festok-kepeinek-reprodukcioi-tanulmanyok\/\"},{\"@type\":\"ListItem\",\"position\":3,\"name\":\"Pablo Picasso\"}]},{\"@type\":\"WebSite\",\"@id\":\"https:\/\/svetslik.si\/hu\/#website\",\"url\":\"https:\/\/svetslik.si\/hu\/\",\"name\":\"SVETSLIK.SI\",\"description\":\"100%-ban k\u00e9zzel festett reprodukci\u00f3k h\u00edres fest\u0151k festm\u00e9nyeir\u0151l \u00e9s festm\u00e9nyekr\u0151l v\u00e1szonra.\",\"publisher\":{\"@id\":\"https:\/\/svetslik.si\/hu\/#organization\"},\"potentialAction\":[{\"@type\":\"SearchAction\",\"target\":{\"@type\":\"EntryPoint\",\"urlTemplate\":\"https:\/\/svetslik.si\/hu\/?s={search_term_string}\"},\"query-input\":{\"@type\":\"PropertyValueSpecification\",\"valueRequired\":true,\"valueName\":\"search_term_string\"}}],\"inLanguage\":\"hu\"},{\"@type\":\"Organization\",\"@id\":\"https:\/\/svetslik.si\/hu\/#organization\",\"name\":\"SvetSlik.si\",\"url\":\"https:\/\/svetslik.si\/hu\/\",\"logo\":{\"@type\":\"ImageObject\",\"inLanguage\":\"hu\",\"@id\":\"https:\/\/svetslik.si\/hu\/#\/schema\/logo\/image\/\",\"url\":\"https:\/\/svetslik.si\/wp-content\/uploads\/2020\/12\/logo-512.png\",\"contentUrl\":\"https:\/\/svetslik.si\/wp-content\/uploads\/2020\/12\/logo-512.png\",\"width\":512,\"height\":512,\"caption\":\"SvetSlik.si\"},\"image\":{\"@id\":\"https:\/\/svetslik.si\/hu\/#\/schema\/logo\/image\/\"},\"sameAs\":[\"https:\/\/www.facebook.com\/svetslik.si\",\"https:\/\/x.com\/svetslik\",\"https:\/\/www.instagram.com\/svetslik.si\/\",\"https:\/\/www.linkedin.com\/company\/svetslik-si\"]}]}<\/script>\n<!-- \/ Yoast SEO Premium plugin. -->","yoast_head_json":{"title":"Pablo Picasso - SVETSLIK.SI","description":"Pablo Picasso - 100% k\u00e9zi fest\u00e9ssel k\u00e9sz\u00fclt. V\u00e1szonk\u00e9pek, k\u00e9pm\u00e1sok, modern \u00e9s absztrakt festm\u00e9nyek, valamint egyedi rendel\u00e9sre k\u00e9sz\u00fclt festm\u00e9nyek \u00e9rt\u00e9kes\u00edt\u00e9se.","robots":{"index":"index","follow":"follow","max-snippet":"max-snippet:-1","max-image-preview":"max-image-preview:large","max-video-preview":"max-video-preview:-1"},"canonical":"https:\/\/svetslik.si\/hu\/pablo-picasso-hu\/","og_locale":"hu_HU","og_type":"article","og_title":"Pablo Picasso Archives","og_description":"Pablo Picasso - 100% k\u00e9zi fest\u00e9ssel k\u00e9sz\u00fclt. V\u00e1szonk\u00e9pek, k\u00e9pm\u00e1sok, modern \u00e9s absztrakt festm\u00e9nyek, valamint egyedi rendel\u00e9sre k\u00e9sz\u00fclt festm\u00e9nyek \u00e9rt\u00e9kes\u00edt\u00e9se.","og_url":"https:\/\/svetslik.si\/hu\/pablo-picasso-hu\/","og_site_name":"SVETSLIK.SI","og_image":[{"width":1736,"height":570,"url":"https:\/\/svetslik.si\/wp-content\/uploads\/2023\/02\/svetslik.si_.jpg","type":"image\/jpeg"}],"twitter_card":"summary_large_image","twitter_site":"@svetslik","schema":{"@context":"https:\/\/schema.org","@graph":[{"@type":"CollectionPage","@id":"https:\/\/svetslik.si\/hu\/pablo-picasso-hu\/","url":"https:\/\/svetslik.si\/hu\/pablo-picasso-hu\/","name":"Pablo Picasso - SVETSLIK.SI","isPartOf":{"@id":"https:\/\/svetslik.si\/hu\/#website"},"description":"Pablo Picasso - 100% k\u00e9zi fest\u00e9ssel k\u00e9sz\u00fclt. V\u00e1szonk\u00e9pek, k\u00e9pm\u00e1sok, modern \u00e9s absztrakt festm\u00e9nyek, valamint egyedi rendel\u00e9sre k\u00e9sz\u00fclt festm\u00e9nyek \u00e9rt\u00e9kes\u00edt\u00e9se.","breadcrumb":{"@id":"https:\/\/svetslik.si\/hu\/pablo-picasso-hu\/#breadcrumb"},"inLanguage":"hu"},{"@type":"BreadcrumbList","@id":"https:\/\/svetslik.si\/hu\/pablo-picasso-hu\/#breadcrumb","itemListElement":[{"@type":"ListItem","position":1,"name":"Wall art and paintings on canvas","item":"https:\/\/svetslik.si\/hu\/"},{"@type":"ListItem","position":2,"name":"H\u00cdRES FEST\u0150K K\u00c9PEINEK REPRODUKCI\u00d3I (TANULM\u00c1NYOK)","item":"https:\/\/svetslik.si\/hu\/hires-festok-kepeinek-reprodukcioi-tanulmanyok\/"},{"@type":"ListItem","position":3,"name":"Pablo Picasso"}]},{"@type":"WebSite","@id":"https:\/\/svetslik.si\/hu\/#website","url":"https:\/\/svetslik.si\/hu\/","name":"SVETSLIK.SI","description":"100%-ban k\u00e9zzel festett reprodukci\u00f3k h\u00edres fest\u0151k festm\u00e9nyeir\u0151l \u00e9s festm\u00e9nyekr\u0151l v\u00e1szonra.","publisher":{"@id":"https:\/\/svetslik.si\/hu\/#organization"},"potentialAction":[{"@type":"SearchAction","target":{"@type":"EntryPoint","urlTemplate":"https:\/\/svetslik.si\/hu\/?s={search_term_string}"},"query-input":{"@type":"PropertyValueSpecification","valueRequired":true,"valueName":"search_term_string"}}],"inLanguage":"hu"},{"@type":"Organization","@id":"https:\/\/svetslik.si\/hu\/#organization","name":"SvetSlik.si","url":"https:\/\/svetslik.si\/hu\/","logo":{"@type":"ImageObject","inLanguage":"hu","@id":"https:\/\/svetslik.si\/hu\/#\/schema\/logo\/image\/","url":"https:\/\/svetslik.si\/wp-content\/uploads\/2020\/12\/logo-512.png","contentUrl":"https:\/\/svetslik.si\/wp-content\/uploads\/2020\/12\/logo-512.png","width":512,"height":512,"caption":"SvetSlik.si"},"image":{"@id":"https:\/\/svetslik.si\/hu\/#\/schema\/logo\/image\/"},"sameAs":["https:\/\/www.facebook.com\/svetslik.si","https:\/\/x.com\/svetslik","https:\/\/www.instagram.com\/svetslik.si\/","https:\/\/www.linkedin.com\/company\/svetslik-si"]}]}},"_links":{"self":[{"href":"https:\/\/svetslik.si\/hu\/wp-json\/wp\/v2\/product_cat\/7133","targetHints":{"allow":["GET"]}}],"collection":[{"href":"https:\/\/svetslik.si\/hu\/wp-json\/wp\/v2\/product_cat"}],"about":[{"href":"https:\/\/svetslik.si\/hu\/wp-json\/wp\/v2\/taxonomies\/product_cat"}],"up":[{"embeddable":true,"href":"https:\/\/svetslik.si\/hu\/wp-json\/wp\/v2\/product_cat\/7126"}],"wp:post_type":[{"href":"https:\/\/svetslik.si\/hu\/wp-json\/wp\/v2\/product?product_cat=7133"}],"curies":[{"name":"wp","href":"https:\/\/api.w.org\/{rel}","templated":true}]}}